{"id":22177,"date":"2024-04-18T19:05:57","date_gmt":"2024-04-18T17:05:57","guid":{"rendered":"https:\/\/kunskapsforbundet.se\/vuxenutbildningen\/?p=22177"},"modified":"2024-04-18T19:30:48","modified_gmt":"2024-04-18T17:30:48","slug":"kunskapsforbundet-startar-nationell-yrkesutbildning","status":"publish","type":"post","link":"https:\/\/kunskapsforbundet.se\/vuxenutbildningen\/kunskapsforbundet-startar-nationell-yrkesutbildning\/","title":{"rendered":"Kunskapsf\u00f6rbundet startar Nationell yrkesutbildning!"},"content":{"rendered":"\n<p>Ig\u00e5r kom beskedet fr\u00e5n Myndigheten f\u00f6r Yrkesh\u00f6gskolan om att Kunskapsf\u00f6rbundet\/Vuxenutbildningen kommer att delta i pilotverksamheten f\u00f6r Nationell yrkesutbildning (NY). Det \u00e4r en ny utbildningsform f\u00f6r vuxna p\u00e5 gymnasial niv\u00e5. <\/p>\n\n\n\n<p>Till h\u00f6sten startar v\u00e5r nya ett\u00e5riga utbildning till \u201dElektroniktekniker\u201d. Det \u00e4r en utbildning i n\u00e4ra samarbete med f\u00f6retag och skr\u00e4ddarsydd f\u00f6r att m\u00f6ta kompetensbristen i branschen. Utbildningen inneh\u00e5ller 25% l\u00e4rande i arbete (LIA) d\u00e4r de studerande f\u00e5r praktisk erfarenhet ute p\u00e5 f\u00f6retagen.<\/p>\n\n\n\n<p>&#8221;Vi \u00e4r stolta \u00f6ver att bidra till utvecklingen av framtidens yrkesutbildningar och denna form av nya initiativ \u00e4r ett viktigt steg f\u00f6r att f\u00f6rse Sverige med framtida kompetens.&#8221; s\u00e4ger Malin Kumlin, verksamhetschef. Ta reda p\u00e5 mer om dagens nykomling h\u00e4r: <a href=\"https:\/\/kunskapsforbundet.se\/vuxenutbildningen\/program\/elektroniktekniker\/\" data-type=\"program\" data-id=\"20362\">Nationell yrkesutbildning &#8221;Elektroniktekniker&#8221;<\/a><\/p>\n\n\n\n<p>Om du vill se alla yrkesutbildningar f\u00f6r vuxna som startar till h\u00f6sten <a href=\"https:\/\/kunskapsforbundet.se\/vuxenutbildningen\/yrkesutbildning-yrkesvux\/\">hittar du dessa h\u00e4r<\/a><\/p>\n","protected":false},"excerpt":{"rendered":"<p>Ig\u00e5r kom beskedet fr\u00e5n Myndigheten f\u00f6r Yrkesh\u00f6gskolan om att Kunskapsf\u00f6rbundet\/Vuxenutbildningen kommer att delta i pilotverksamheten f\u00f6r Nationell yrkesutbildning (NY). Det \u00e4r en ny utbildningsform f\u00f6r vuxna p\u00e5 gymnasial niv\u00e5. Till h\u00f6sten startar v\u00e5r nya ett\u00e5riga utbildning till \u201dElektroniktekniker\u201d. Det \u00e4r en utbildning i n\u00e4ra samarbete med f\u00f6retag och skr\u00e4ddarsydd f\u00f6r att m\u00f6ta kompetensbristen i branschen. [&hellip;]<\/p>\n","protected":false},"author":7,"featured_media":22178,"comment_status":"closed","ping_status":"closed","sticky":false,"template":"","format":"standard","meta":{"_acf_changed":false,"footnotes":""},"categories":[1],"tags":[],"class_list":["post-22177","post","type-post","status-publish","format-standard","has-post-thumbnail","hentry","category-nyheter"],"acf":[],"_links":{"self":[{"href":"https:\/\/kunskapsforbundet.se\/vuxenutbildningen\/wp-json\/wp\/v2\/posts\/22177","targetHints":{"allow":["GET"]}}],"collection":[{"href":"https:\/\/kunskapsforbundet.se\/vuxenutbildningen\/wp-json\/wp\/v2\/posts"}],"about":[{"href":"https:\/\/kunskapsforbundet.se\/vuxenutbildningen\/wp-json\/wp\/v2\/types\/post"}],"author":[{"embeddable":true,"href":"https:\/\/kunskapsforbundet.se\/vuxenutbildningen\/wp-json\/wp\/v2\/users\/7"}],"replies":[{"embeddable":true,"href":"https:\/\/kunskapsforbundet.se\/vuxenutbildningen\/wp-json\/wp\/v2\/comments?post=22177"}],"version-history":[{"count":3,"href":"https:\/\/kunskapsforbundet.se\/vuxenutbildningen\/wp-json\/wp\/v2\/posts\/22177\/revisions"}],"predecessor-version":[{"id":22183,"href":"https:\/\/kunskapsforbundet.se\/vuxenutbildningen\/wp-json\/wp\/v2\/posts\/22177\/revisions\/22183"}],"wp:featuredmedia":[{"embeddable":true,"href":"https:\/\/kunskapsforbundet.se\/vuxenutbildningen\/wp-json\/wp\/v2\/media\/22178"}],"wp:attachment":[{"href":"https:\/\/kunskapsforbundet.se\/vuxenutbildningen\/wp-json\/wp\/v2\/media?parent=22177"}],"wp:term":[{"taxonomy":"category","embeddable":true,"href":"https:\/\/kunskapsforbundet.se\/vuxenutbildningen\/wp-json\/wp\/v2\/categories?post=22177"},{"taxonomy":"post_tag","embeddable":true,"href":"https:\/\/kunskapsforbundet.se\/vuxenutbildningen\/wp-json\/wp\/v2\/tags?post=22177"}],"curies":[{"name":"wp","href":"https:\/\/api.w.org\/{rel}","templated":true}]}}