{"id":17864,"date":"2024-08-14T12:56:32","date_gmt":"2024-08-14T10:56:32","guid":{"rendered":"https:\/\/kunskapsforbundet.se\/vuxenutbildningen\/?p=17864"},"modified":"2024-08-19T13:06:26","modified_gmt":"2024-08-19T11:06:26","slug":"hogskoleprovet","status":"publish","type":"post","link":"https:\/\/kunskapsforbundet.se\/vuxenutbildningen\/hogskoleprovet\/","title":{"rendered":"H\u00f6gskoleprovet"},"content":{"rendered":"\n<p>Nu \u00e4r det dags att anm\u00e4la sig till h\u00f6stens h\u00f6gskoleprov.<strong> Anm\u00e4lan till h\u00f6stens prov \u00e4r \u00f6ppen mellan 13 och 20 augusti<\/strong><\/p>\n\n\n\n<p><a href=\"https:\/\/www.studera.nu\/hogskoleprov\/Anmalan\/Anmalan-till-hogskoleprovet\/\">L\u00e4s mer och anm\u00e4l dig till h\u00f6gskoleprovet h\u00e4r.<\/a><\/p>\n\n\n\n<p>Provdatum f\u00f6r h\u00f6gskoleprovet \u00e4r 20 oktober<\/p>\n\n\n\n<p>(Foto: Bj\u00f6rn Dalin)<\/p>\n","protected":false},"excerpt":{"rendered":"<p>Nu \u00e4r det dags att anm\u00e4la sig till h\u00f6stens h\u00f6gskoleprov. Anm\u00e4lan till h\u00f6stens prov \u00e4r \u00f6ppen mellan 13 och 20 augusti L\u00e4s mer och anm\u00e4l dig till h\u00f6gskoleprovet h\u00e4r. Provdatum f\u00f6r h\u00f6gskoleprovet \u00e4r 20 oktober (Foto: Bj\u00f6rn Dalin)<\/p>\n","protected":false},"author":7,"featured_media":17868,"comment_status":"closed","ping_status":"closed","sticky":false,"template":"","format":"standard","meta":{"_acf_changed":false,"footnotes":""},"categories":[1],"tags":[],"class_list":["post-17864","post","type-post","status-publish","format-standard","has-post-thumbnail","hentry","category-nyheter"],"acf":[],"_links":{"self":[{"href":"https:\/\/kunskapsforbundet.se\/vuxenutbildningen\/wp-json\/wp\/v2\/posts\/17864","targetHints":{"allow":["GET"]}}],"collection":[{"href":"https:\/\/kunskapsforbundet.se\/vuxenutbildningen\/wp-json\/wp\/v2\/posts"}],"about":[{"href":"https:\/\/kunskapsforbundet.se\/vuxenutbildningen\/wp-json\/wp\/v2\/types\/post"}],"author":[{"embeddable":true,"href":"https:\/\/kunskapsforbundet.se\/vuxenutbildningen\/wp-json\/wp\/v2\/users\/7"}],"replies":[{"embeddable":true,"href":"https:\/\/kunskapsforbundet.se\/vuxenutbildningen\/wp-json\/wp\/v2\/comments?post=17864"}],"version-history":[{"count":4,"href":"https:\/\/kunskapsforbundet.se\/vuxenutbildningen\/wp-json\/wp\/v2\/posts\/17864\/revisions"}],"predecessor-version":[{"id":23016,"href":"https:\/\/kunskapsforbundet.se\/vuxenutbildningen\/wp-json\/wp\/v2\/posts\/17864\/revisions\/23016"}],"wp:featuredmedia":[{"embeddable":true,"href":"https:\/\/kunskapsforbundet.se\/vuxenutbildningen\/wp-json\/wp\/v2\/media\/17868"}],"wp:attachment":[{"href":"https:\/\/kunskapsforbundet.se\/vuxenutbildningen\/wp-json\/wp\/v2\/media?parent=17864"}],"wp:term":[{"taxonomy":"category","embeddable":true,"href":"https:\/\/kunskapsforbundet.se\/vuxenutbildningen\/wp-json\/wp\/v2\/categories?post=17864"},{"taxonomy":"post_tag","embeddable":true,"href":"https:\/\/kunskapsforbundet.se\/vuxenutbildningen\/wp-json\/wp\/v2\/tags?post=17864"}],"curies":[{"name":"wp","href":"https:\/\/api.w.org\/{rel}","templated":true}]}}