{"id":2536,"date":"2021-01-21T21:45:06","date_gmt":"2021-01-21T20:45:06","guid":{"rendered":"https:\/\/www.kunskapsforbundet.se\/nils-ericsonsgymnasiet\/?p=2536"},"modified":"2021-01-21T21:54:54","modified_gmt":"2021-01-21T20:54:54","slug":"distansundervisning-justerad-rekommendation","status":"publish","type":"post","link":"https:\/\/kunskapsforbundet.se\/nils-ericsonsgymnasiet\/distansundervisning-justerad-rekommendation\/","title":{"rendered":"Distansundervisning: justerad rekommendation"},"content":{"rendered":"<p>Under dagen idag, den 21 januari, har vi f\u00e5tt justerade rekommendationer avseende distansundervisning p\u00e5 gymnasieskolorna som \u00f6ppnar f\u00f6r m\u00f6jligheten att kunna erbjuda undervisning p\u00e5 plats i skolan varvat med distansundervisning.<\/p>\n<p>Med h\u00e4nsyn till r\u00e5dande smittspridningsl\u00e4ge har <em>Kunskapsf\u00f6rbundet beslutat att distansundervisningen forts\u00e4tter i nuvarande form fram till den 31 januari,<\/em> d\u00e4refter kommer skolan succesivt \u00f6ppna f\u00f6r mer undervisning p\u00e5 plats. Detta under f\u00f6ruts\u00e4ttning att smittl\u00e4get inte f\u00f6r\u00e4ndras.<\/p>\n<p>Planering p\u00e5g\u00e5r i samr\u00e5d med smittskydd och andra myndigheter f\u00f6r hur detta ska ske p\u00e5 b\u00e4sta s\u00e4tt f\u00f6r att fortsatt kunna h\u00e5lla avst\u00e5nd och skapa en trygg studiemilj\u00f6 f\u00f6r elever och personal.<\/p>\n<p>Det \u00e4r extra viktigt att vi alla f\u00f6ljer de allm\u00e4nna rekommendationerna n\u00e4r vi nu b\u00f6rjar komma tillbaka:<\/p>\n<ul>\n<li><strong>Var hemma om du \u00e4r sjuk\/uppvisar symptom (g\u00e4ller \u00e4ven vid l\u00e4ttare symptom)<\/strong><\/li>\n<li>Om m\u00f6jligt v\u00e4lj att cykla eller g\u00e5 till skolan \u2013 p\u00e5 s\u00e5 vis hj\u00e4lper vi till att minska belastningen p\u00e5 kollektivtrafiken f\u00f6r dem som m\u00e5ste \u00e5ka.<\/li>\n<li><strong>Det \u00e4r rekommenderat att man b\u00e4r munskydd i kollektivtrafik under rusningstid (kl. 7-9 och kl. 16- 18)<\/strong><\/li>\n<li>H\u00e5ll avst\u00e5nd<\/li>\n<li>Tv\u00e4tta h\u00e4nderna<\/li>\n<li>Sjukanm\u00e4l dig om du \u00e4r inte kan n\u00e4rvara i skolan, samt kontakta din mentor<\/li>\n<li>Respektera mattider och de restriktioner som finns kring lunchserveringen<\/li>\n<li>Respektera schemat \u2013 det \u00e4r extra viktigt att du och dina skolkamrater inte vistas i v\u00e5ra gemensamma utrymmen p\u00e5 annan tid \u00e4n rast\/h\u00e5ltimme.<\/li>\n<\/ul>\n<p>V\u00e4nta inte med att ta kontakt med din l\u00e4rare, IT, Elevh\u00e4lsan eller rektorerna om det \u00e4r n\u00e5got som inte fungerar eller du beh\u00f6ver hj\u00e4lp med. De finns ju d\u00e4r f\u00f6r att st\u00f6tta dig i dina studier oavsett om du jobbar p\u00e5 distans eller \u00e4r p\u00e5 plats i skolan.<\/p>\n<p>Dina l\u00e4rare kommer att meddela dig vad som g\u00e4ller f\u00f6r just dig \u2013 det \u00e4r viktigt att du har koll p\u00e5 It\u00b4s learning och p\u00e5 Instagram eller Facebook s\u00e5 du inte missar n\u00e5gon information.<\/p>\n<p>Det ska bli sk\u00f6nt att f\u00e5 tr\u00e4ffa er igen, \u00e4ven om vi har en bit kvar innan vi kan ha \u00f6ppet som vanligt. Nu \u00e4r vi p\u00e5 upploppet \u2013 s\u00e5 klart vi l\u00f6ser den sista biten ocks\u00e5.<\/p>\n<p><strong><em>Skolledningen p\u00e5 gymnasieskolorna Kunskapsf\u00f6rbundet<\/em><\/strong><\/p>\n<p>Magnus \u00c5bergsgymnasiet &#8211; <a href=\"mailto:infomag@kunskapsforbundet.se\">infomag@kunskapsforbundet.se<\/a><\/p>\n<p>Nils Ericsonsgymnasiet &#8211; <a href=\"mailto:infone@kunskapsforbundet.se\">infone@kunskapsforbundet.se<\/a><\/p>\n<p>Birger Sj\u00f6berggymnasiet &#8211; <a href=\"mailto:infobsg@kunskapsforbundet.se\">infobsg@kunskapsforbundet.se<\/a><\/p>\n","protected":false},"excerpt":{"rendered":"<p>Under dagen idag, den 21 januari, har vi f\u00e5tt justerade rekommendationer avseende distansundervisning p\u00e5 gymnasieskolorna som \u00f6ppnar f\u00f6r m\u00f6jligheten att kunna erbjuda undervisning p\u00e5 plats i skolan varvat med distansundervisning. Med h\u00e4nsyn till r\u00e5dande smittspridningsl\u00e4ge har Kunskapsf\u00f6rbundet beslutat att distansundervisningen forts\u00e4tter i nuvarande form fram till den 31 januari, d\u00e4refter kommer skolan succesivt \u00f6ppna f\u00f6r [&hellip;]<\/p>\n","protected":false},"author":37,"featured_media":2410,"comment_status":"closed","ping_status":"closed","sticky":false,"template":"","format":"standard","meta":{"_acf_changed":false,"footnotes":""},"categories":[1],"tags":[],"class_list":["post-2536","post","type-post","status-publish","format-standard","has-post-thumbnail","hentry","category-nyheter"],"acf":[],"_links":{"self":[{"href":"https:\/\/kunskapsforbundet.se\/nils-ericsonsgymnasiet\/wp-json\/wp\/v2\/posts\/2536","targetHints":{"allow":["GET"]}}],"collection":[{"href":"https:\/\/kunskapsforbundet.se\/nils-ericsonsgymnasiet\/wp-json\/wp\/v2\/posts"}],"about":[{"href":"https:\/\/kunskapsforbundet.se\/nils-ericsonsgymnasiet\/wp-json\/wp\/v2\/types\/post"}],"author":[{"embeddable":true,"href":"https:\/\/kunskapsforbundet.se\/nils-ericsonsgymnasiet\/wp-json\/wp\/v2\/users\/37"}],"replies":[{"embeddable":true,"href":"https:\/\/kunskapsforbundet.se\/nils-ericsonsgymnasiet\/wp-json\/wp\/v2\/comments?post=2536"}],"version-history":[{"count":2,"href":"https:\/\/kunskapsforbundet.se\/nils-ericsonsgymnasiet\/wp-json\/wp\/v2\/posts\/2536\/revisions"}],"predecessor-version":[{"id":2539,"href":"https:\/\/kunskapsforbundet.se\/nils-ericsonsgymnasiet\/wp-json\/wp\/v2\/posts\/2536\/revisions\/2539"}],"wp:featuredmedia":[{"embeddable":true,"href":"https:\/\/kunskapsforbundet.se\/nils-ericsonsgymnasiet\/wp-json\/wp\/v2\/media\/2410"}],"wp:attachment":[{"href":"https:\/\/kunskapsforbundet.se\/nils-ericsonsgymnasiet\/wp-json\/wp\/v2\/media?parent=2536"}],"wp:term":[{"taxonomy":"category","embeddable":true,"href":"https:\/\/kunskapsforbundet.se\/nils-ericsonsgymnasiet\/wp-json\/wp\/v2\/categories?post=2536"},{"taxonomy":"post_tag","embeddable":true,"href":"https:\/\/kunskapsforbundet.se\/nils-ericsonsgymnasiet\/wp-json\/wp\/v2\/tags?post=2536"}],"curies":[{"name":"wp","href":"https:\/\/api.w.org\/{rel}","templated":true}]}}