{"id":2355,"date":"2020-11-02T16:04:31","date_gmt":"2020-11-02T15:04:31","guid":{"rendered":"https:\/\/www.kunskapsforbundet.se\/nils-ericsonsgymnasiet\/?p=2355"},"modified":"2020-11-09T10:37:42","modified_gmt":"2020-11-09T09:37:42","slug":"hall-i-och-hall-ut","status":"publish","type":"post","link":"https:\/\/kunskapsforbundet.se\/nils-ericsonsgymnasiet\/hall-i-och-hall-ut\/","title":{"rendered":"H\u00e5ll i och h\u00e5ll ut!"},"content":{"rendered":"<p>H\u00f6stterminen har nu p\u00e5g\u00e5tt ett tag.\u00a0 \u00c5rskurs 1 eleverna har blivit gymnasieungdomar och f\u00f6r \u00e5rskurs 2 och 3 har skolan blivit vardag igen efter v\u00e5rens distansundervisnings period. \u00a0Med vardagen f\u00f6ljer ocks\u00e5 att man gl\u00f6mmer av att vi fortfarande befinner oss i en pandemi s\u00e5 d\u00e4rf\u00f6r beh\u00f6ver vi er hj\u00e4lp med att p\u00e5minna om det vi redan alla vet<\/p>\n<h3>November 2020 &#8211; Viss undervisning p\u00e5 distans<\/h3>\n<p>Som ni s\u00e4kert vet har smittspridningen av Covid 19 \u00f6kat i v\u00e5r region och vi har alla f\u00e5tt sk\u00e4rpta rekommendationer att f\u00f6rh\u00e5lla oss till f\u00f6r att minska smittspridningen.<\/p>\n<ul>\n<li><a href=\"https:\/\/www.folkhalsomyndigheten.se\/nyheter-och-press\/nyhetsarkiv\/2020\/oktober\/beslut-om-skarpta-allmanna-rad-i-stockholms-lan-vastra-gotalands-lan-och-ostergotlands-lan\/\" target=\"_blank\" rel=\"noopener noreferrer\">L\u00e4s mer om sk\u00e4rpta och allm\u00e4nna r\u00e5d h\u00e4r.<\/a><\/li>\n<\/ul>\n<p>Kunskapsf\u00f6rbundet har beslutat att delar av gymnasieskolan kommer att \u00f6verg\u00e5 till distansundervisning. Det kommer att se lite olika ut p\u00e5 v\u00e5ra gymnasieskolor d\u00e5 lokaler och m\u00f6jligheten att h\u00e5lla avst\u00e5nd skiljer sig \u00e5t mellan skolhusen. <strong>L\u00e4s mer om detta i brevet nedan.<\/strong><\/p>\n<p>Tillsammans kan vi bromsa smittspridningen genom att hj\u00e4lpas \u00e5t.<\/p>\n<ul>\n<li>Var hemma om du har minsta lilla symptom. Testa dig.<\/li>\n<li>Tv\u00e4tta h\u00e4nderna.<\/li>\n<li>Cykla eller g\u00e5 till skolan om det \u00e4r m\u00f6jligt.<\/li>\n<li>H\u00e5ll avst\u00e5nd!<\/li>\n<\/ul>\n","protected":false},"excerpt":{"rendered":"<p>H\u00f6stterminen har nu p\u00e5g\u00e5tt ett tag.\u00a0 \u00c5rskurs 1 eleverna har blivit gymnasieungdomar och f\u00f6r \u00e5rskurs 2 och 3 har skolan blivit vardag igen efter v\u00e5rens distansundervisnings period. \u00a0Med vardagen f\u00f6ljer ocks\u00e5 att man gl\u00f6mmer av att vi fortfarande befinner oss i en pandemi s\u00e5 d\u00e4rf\u00f6r beh\u00f6ver vi er hj\u00e4lp med att p\u00e5minna om det vi [&hellip;]<\/p>\n","protected":false},"author":7,"featured_media":2383,"comment_status":"closed","ping_status":"closed","sticky":false,"template":"","format":"standard","meta":{"_acf_changed":false,"footnotes":""},"categories":[1],"tags":[],"class_list":["post-2355","post","type-post","status-publish","format-standard","has-post-thumbnail","hentry","category-nyheter"],"acf":[],"_links":{"self":[{"href":"https:\/\/kunskapsforbundet.se\/nils-ericsonsgymnasiet\/wp-json\/wp\/v2\/posts\/2355","targetHints":{"allow":["GET"]}}],"collection":[{"href":"https:\/\/kunskapsforbundet.se\/nils-ericsonsgymnasiet\/wp-json\/wp\/v2\/posts"}],"about":[{"href":"https:\/\/kunskapsforbundet.se\/nils-ericsonsgymnasiet\/wp-json\/wp\/v2\/types\/post"}],"author":[{"embeddable":true,"href":"https:\/\/kunskapsforbundet.se\/nils-ericsonsgymnasiet\/wp-json\/wp\/v2\/users\/7"}],"replies":[{"embeddable":true,"href":"https:\/\/kunskapsforbundet.se\/nils-ericsonsgymnasiet\/wp-json\/wp\/v2\/comments?post=2355"}],"version-history":[{"count":6,"href":"https:\/\/kunskapsforbundet.se\/nils-ericsonsgymnasiet\/wp-json\/wp\/v2\/posts\/2355\/revisions"}],"predecessor-version":[{"id":2399,"href":"https:\/\/kunskapsforbundet.se\/nils-ericsonsgymnasiet\/wp-json\/wp\/v2\/posts\/2355\/revisions\/2399"}],"wp:featuredmedia":[{"embeddable":true,"href":"https:\/\/kunskapsforbundet.se\/nils-ericsonsgymnasiet\/wp-json\/wp\/v2\/media\/2383"}],"wp:attachment":[{"href":"https:\/\/kunskapsforbundet.se\/nils-ericsonsgymnasiet\/wp-json\/wp\/v2\/media?parent=2355"}],"wp:term":[{"taxonomy":"category","embeddable":true,"href":"https:\/\/kunskapsforbundet.se\/nils-ericsonsgymnasiet\/wp-json\/wp\/v2\/categories?post=2355"},{"taxonomy":"post_tag","embeddable":true,"href":"https:\/\/kunskapsforbundet.se\/nils-ericsonsgymnasiet\/wp-json\/wp\/v2\/tags?post=2355"}],"curies":[{"name":"wp","href":"https:\/\/api.w.org\/{rel}","templated":true}]}}