{"id":2342,"date":"2020-09-25T13:21:58","date_gmt":"2020-09-25T11:21:58","guid":{"rendered":"https:\/\/www.kunskapsforbundet.se\/nils-ericsonsgymnasiet\/?p=2342"},"modified":"2020-09-25T13:25:49","modified_gmt":"2020-09-25T11:25:49","slug":"testning-covid-19-vid-symtom","status":"publish","type":"post","link":"https:\/\/kunskapsforbundet.se\/nils-ericsonsgymnasiet\/testning-covid-19-vid-symtom\/","title":{"rendered":"Testning Covid-19 vid symtom"},"content":{"rendered":"<h3><span style=\"color: #ee712e;\">Information om testning f\u00f6r att p\u00e5visa covid-19-infektion<\/span><br \/>\n<span style=\"color: #ee712e;\">hos barn och unga<\/span><\/h3>\n<p><strong>Hemma med symtom som kan tyda p\u00e5 covid-19?<\/strong><br \/>\nFolkh\u00e4lsomyndigheten rekommenderar att elever testas om de har symtom som kan<br \/>\ntyda p\u00e5 covid-19. P\u00e5 s\u00e5 vis kan barn och unga snabbare \u00e5terg\u00e5 till skolan om de har<br \/>\nett negativt provsvar och deras allm\u00e4ntillst\u00e5nd i \u00f6vrigt till\u00e5ter det, l\u00e4s mer i l\u00e4nken nedan.<\/p>\n<p><a href=\"https:\/\/www.folkhalsomyndigheten.se\/nyheter-och-press\/nyhetsarkiv\/2020\/augusti\/barn-och-unga-med-symtom-pa-covid-19-rekommenderas-pcr-testning-for-snabbare-atergang-till-skolan\/\">https:\/\/www.folkhalsomyndigheten.se\/nyheter-och-press\/nyhetsarkiv\/2020\/augusti\/barn-och-unga-med-symtom-pa-covid-19-rekommenderas-pcr-testning-for-snabbare-atergang-till-skolan\/<\/a><\/p>\n<p>Tidigare har eleverna rekommenderats att stanna hemma vid minsta symtom. Med testning kommer de att kunna g\u00e5 tillbaka till skolan i h\u00f6gre utstr\u00e4ckning \u00e4ven om de har kvarvarande milda symtom, i kombination med ett negativt provsvar.<\/p>\n<p><strong>Vart ska jag v\u00e4nda mig?<\/strong><br \/>\nEleverna kontaktar sin v\u00e5rdcentral f\u00f6r information om hur testningen g\u00e5r till.<\/p>\n","protected":false},"excerpt":{"rendered":"<p>Information om testning f\u00f6r att p\u00e5visa covid-19-infektion hos barn och unga Hemma med symtom som kan tyda p\u00e5 covid-19? Folkh\u00e4lsomyndigheten rekommenderar att elever testas om de har symtom som kan tyda p\u00e5 covid-19. P\u00e5 s\u00e5 vis kan barn och unga snabbare \u00e5terg\u00e5 till skolan om de har ett negativt provsvar och deras allm\u00e4ntillst\u00e5nd i \u00f6vrigt [&hellip;]<\/p>\n","protected":false},"author":37,"featured_media":2343,"comment_status":"closed","ping_status":"closed","sticky":false,"template":"","format":"standard","meta":{"_acf_changed":false,"footnotes":""},"categories":[1],"tags":[],"class_list":["post-2342","post","type-post","status-publish","format-standard","has-post-thumbnail","hentry","category-nyheter"],"acf":[],"_links":{"self":[{"href":"https:\/\/kunskapsforbundet.se\/nils-ericsonsgymnasiet\/wp-json\/wp\/v2\/posts\/2342","targetHints":{"allow":["GET"]}}],"collection":[{"href":"https:\/\/kunskapsforbundet.se\/nils-ericsonsgymnasiet\/wp-json\/wp\/v2\/posts"}],"about":[{"href":"https:\/\/kunskapsforbundet.se\/nils-ericsonsgymnasiet\/wp-json\/wp\/v2\/types\/post"}],"author":[{"embeddable":true,"href":"https:\/\/kunskapsforbundet.se\/nils-ericsonsgymnasiet\/wp-json\/wp\/v2\/users\/37"}],"replies":[{"embeddable":true,"href":"https:\/\/kunskapsforbundet.se\/nils-ericsonsgymnasiet\/wp-json\/wp\/v2\/comments?post=2342"}],"version-history":[{"count":2,"href":"https:\/\/kunskapsforbundet.se\/nils-ericsonsgymnasiet\/wp-json\/wp\/v2\/posts\/2342\/revisions"}],"predecessor-version":[{"id":2345,"href":"https:\/\/kunskapsforbundet.se\/nils-ericsonsgymnasiet\/wp-json\/wp\/v2\/posts\/2342\/revisions\/2345"}],"wp:featuredmedia":[{"embeddable":true,"href":"https:\/\/kunskapsforbundet.se\/nils-ericsonsgymnasiet\/wp-json\/wp\/v2\/media\/2343"}],"wp:attachment":[{"href":"https:\/\/kunskapsforbundet.se\/nils-ericsonsgymnasiet\/wp-json\/wp\/v2\/media?parent=2342"}],"wp:term":[{"taxonomy":"category","embeddable":true,"href":"https:\/\/kunskapsforbundet.se\/nils-ericsonsgymnasiet\/wp-json\/wp\/v2\/categories?post=2342"},{"taxonomy":"post_tag","embeddable":true,"href":"https:\/\/kunskapsforbundet.se\/nils-ericsonsgymnasiet\/wp-json\/wp\/v2\/tags?post=2342"}],"curies":[{"name":"wp","href":"https:\/\/api.w.org\/{rel}","templated":true}]}}