{"id":5998,"date":"2024-04-16T13:15:08","date_gmt":"2024-04-16T11:15:08","guid":{"rendered":"https:\/\/kunskapsforbundet.se\/birger-sjoberggymnasiet\/?p=5998"},"modified":"2024-04-18T13:39:11","modified_gmt":"2024-04-18T11:39:11","slug":"hur-paverkas-skolmaten-av-strejk","status":"publish","type":"post","link":"https:\/\/kunskapsforbundet.se\/birger-sjoberggymnasiet\/hur-paverkas-skolmaten-av-strejk\/","title":{"rendered":"Strejk avbl\u00e5st"},"content":{"rendered":"\n<div style=\"height:22px\" aria-hidden=\"true\" class=\"wp-block-spacer\"><\/div>\n\n\n\n<p><strong>Uppdatering g\u00e4llande Kommunals eventuella strejk: <\/strong><br>Parterna \u00e4r nu \u00f6verens.<\/p>\n\n\n\n<hr class=\"wp-block-separator has-alpha-channel-opacity\"\/>\n\n\n\n<p><em>Publicerat tidigare i veckan:<\/em><\/p>\n\n\n\n<p>P\u00e5 torsdag den 18 april, klockan 07.00, f\u00f6rv\u00e4ntas fackf\u00f6rbundet Kommunal g\u00e5 i strejk om ingen uppg\u00f6relse kring l\u00f6neavtal g\u00f6rs innan dess. En eventuell strejk kommer att p\u00e5verka v\u00e5ra m\u00f6jligheter att servera skolmat.<\/p>\n\n\n\n<p><strong>Det har skett en f\u00f6r\u00e4ndring g\u00e4llande skolmatsituationen<\/strong><br>V\u00e5ra gymnasieskolor i Trollh\u00e4ttan kommer fortsatt att f\u00e5 en f\u00f6renklad lunch serverad fr\u00e5n Trollh\u00e4ttans stad. Vi kommer att ta h\u00e4nsyn till eventuella behov av specialkost och anpassad kost.<\/p>\n\n\n\n<p>\u2757 P\u00e5 Birger Sj\u00f6berggymnasiet kommer V\u00e4nersborgs kommun&nbsp;<strong>inte<\/strong>&nbsp;att kunna erbjuda lunch och eleverna b\u00f6r d\u00e4rf\u00f6r f\u00f6rbereda sig p\u00e5 att l\u00f6sa detta p\u00e5 egen hand.<\/p>\n\n\n\n<p>Strejken kommer att p\u00e5g\u00e5 tills dess att parterna n\u00e5r en \u00f6verenskommelse. Vi f\u00f6ljer utvecklingen och h\u00e5ller f\u00f6r\u00e4ldrar och elever uppdaterade om situationen i v\u00e5ra skolor.<\/p>\n","protected":false},"excerpt":{"rendered":"<p>Uppdatering g\u00e4llande Kommunals eventuella strejk: Parterna \u00e4r nu \u00f6verens. Publicerat tidigare i veckan: P\u00e5 torsdag den 18 april, klockan 07.00, f\u00f6rv\u00e4ntas fackf\u00f6rbundet Kommunal g\u00e5 i strejk om ingen uppg\u00f6relse kring l\u00f6neavtal g\u00f6rs innan dess. En eventuell strejk kommer att p\u00e5verka v\u00e5ra m\u00f6jligheter att servera skolmat. Det har skett en f\u00f6r\u00e4ndring g\u00e4llande skolmatsituationenV\u00e5ra gymnasieskolor i Trollh\u00e4ttan [&hellip;]<\/p>\n","protected":false},"author":37,"featured_media":6007,"comment_status":"closed","ping_status":"closed","sticky":false,"template":"","format":"standard","meta":{"_acf_changed":false,"footnotes":""},"categories":[1],"tags":[],"class_list":["post-5998","post","type-post","status-publish","format-standard","has-post-thumbnail","hentry","category-nyheter"],"acf":[],"_links":{"self":[{"href":"https:\/\/kunskapsforbundet.se\/birger-sjoberggymnasiet\/wp-json\/wp\/v2\/posts\/5998","targetHints":{"allow":["GET"]}}],"collection":[{"href":"https:\/\/kunskapsforbundet.se\/birger-sjoberggymnasiet\/wp-json\/wp\/v2\/posts"}],"about":[{"href":"https:\/\/kunskapsforbundet.se\/birger-sjoberggymnasiet\/wp-json\/wp\/v2\/types\/post"}],"author":[{"embeddable":true,"href":"https:\/\/kunskapsforbundet.se\/birger-sjoberggymnasiet\/wp-json\/wp\/v2\/users\/37"}],"replies":[{"embeddable":true,"href":"https:\/\/kunskapsforbundet.se\/birger-sjoberggymnasiet\/wp-json\/wp\/v2\/comments?post=5998"}],"version-history":[{"count":7,"href":"https:\/\/kunskapsforbundet.se\/birger-sjoberggymnasiet\/wp-json\/wp\/v2\/posts\/5998\/revisions"}],"predecessor-version":[{"id":6014,"href":"https:\/\/kunskapsforbundet.se\/birger-sjoberggymnasiet\/wp-json\/wp\/v2\/posts\/5998\/revisions\/6014"}],"wp:featuredmedia":[{"embeddable":true,"href":"https:\/\/kunskapsforbundet.se\/birger-sjoberggymnasiet\/wp-json\/wp\/v2\/media\/6007"}],"wp:attachment":[{"href":"https:\/\/kunskapsforbundet.se\/birger-sjoberggymnasiet\/wp-json\/wp\/v2\/media?parent=5998"}],"wp:term":[{"taxonomy":"category","embeddable":true,"href":"https:\/\/kunskapsforbundet.se\/birger-sjoberggymnasiet\/wp-json\/wp\/v2\/categories?post=5998"},{"taxonomy":"post_tag","embeddable":true,"href":"https:\/\/kunskapsforbundet.se\/birger-sjoberggymnasiet\/wp-json\/wp\/v2\/tags?post=5998"}],"curies":[{"name":"wp","href":"https:\/\/api.w.org\/{rel}","templated":true}]}}